{"id":1170,"date":"2018-09-03T08:59:23","date_gmt":"2018-09-03T07:59:23","guid":{"rendered":"\/?p=1170"},"modified":"2018-09-03T16:51:27","modified_gmt":"2018-09-03T15:51:27","slug":"traitement-des-cas-particuliers-par-les-etablissements-de-lenseignement-superieur","status":"publish","type":"post","link":"\/?p=1170","title":{"rendered":"Traitement des cas particuliers par les \u00c9tablissements de l\u2019Enseignement Sup\u00e9rieur"},"content":{"rendered":"<p dir=\"ltr\" style=\"text-align: center;\">Traitement des cas particuliers par les \u00c9tablissements de l\u2019Enseignement Sup\u00e9rieur:\u00a0<a href=\"https:\/\/l.facebook.com\/l.php?u=https%3A%2F%2Fprogres.mesrs.dz%2Fwebetu&amp;h=AT1q7KPctjQTEcRfNIUSh4ZtFf43jv-tug5TcFKgIN6zAUAOQoo-bz6O9PAtF81EOTzkGm6BeJGFUr9gPA87LkhdORij64VT_k1jONSUzsLfdLURh3BtuH3C-XKVUtZ1rS6y4qypPN16mvDJWDiSYhskw02DVfWDokxEJN6kZKNc8aBxNi4i1DF143ukqm9XssT30bfyjjtJ6_DjvJGe043KTq6YSQIDfAVxaXMWQtixOYqkUnm-SM7gM_8loREGd3Ix2Tu56qewRde_4FZOzuWNZeylrgJgF7htX8MCuC_Ek21_gKPMiIa192UKlamsQgcx9FbnOhns6KzmctqO61ZcswLz600UjFdSua7eEKz9aHuAIKa73DJCVsM0HUNQ3Q-xZLrH_hnYyWsbndAcml5C5eVECTh8\" target=\"_blank\" rel=\"noopener nofollow\" data-ft=\"{&quot;tn&quot;:&quot;-U&quot;}\" data-lynx-mode=\"async\">https:\/\/progres.mesrs.dz\/webetu<\/a><\/p>\n<p style=\"text-align: center;\"><strong>Du 07 au 09 septembre 2018 :<\/strong>Ouverture de la plateforme d\u00e9di\u00e9e aux cas particuliers.<\/p>\n<p dir=\"ltr\" style=\"text-align: center;\"><strong>Du 10 au 13 septembre 2018 :<\/strong>Traitement des demandes.<\/p>\n<div class=\"text_exposed_show\" dir=\"ltr\">\n<p dir=\"ltr\" style=\"text-align: center;\"><strong>Du 14 au 16 septembre 2018 :<\/strong>R\u00e9sultats et inscriptions d\u00e9finitives des cas particuliers<\/p>\n<p dir=\"ltr\">\u00a0<img loading=\"lazy\" class=\" wp-image-1171 aligncenter\" src=\"\/wp-content\/uploads\/2018\/09\/Traitement-des-cas-particuliers-par-les-\u00c9tablissements-de-l\u2019Enseignement-Sup\u00e9rieur-212x300.jpg\" alt=\"\" width=\"379\" height=\"536\" srcset=\"\/wp-content\/uploads\/2018\/09\/Traitement-des-cas-particuliers-par-les-\u00c9tablissements-de-l\u2019Enseignement-Sup\u00e9rieur-212x300.jpg 212w, \/wp-content\/uploads\/2018\/09\/Traitement-des-cas-particuliers-par-les-\u00c9tablissements-de-l\u2019Enseignement-Sup\u00e9rieur-768x1085.jpg 768w, \/wp-content\/uploads\/2018\/09\/Traitement-des-cas-particuliers-par-les-\u00c9tablissements-de-l\u2019Enseignement-Sup\u00e9rieur-725x1024.jpg 725w, \/wp-content\/uploads\/2018\/09\/Traitement-des-cas-particuliers-par-les-\u00c9tablissements-de-l\u2019Enseignement-Sup\u00e9rieur.jpg 1448w\" sizes=\"(max-width: 379px) 100vw, 379px\" \/><\/p>\n<p dir=\"ltr\"><img loading=\"lazy\" class=\"wp-image-1172 aligncenter\" src=\"\/wp-content\/uploads\/2018\/09\/Traitement-des-cas-particuliers-par-les-\u00c9tablissements-de-l\u2019Enseignement-Sup\u00e9rieur2-212x300.jpg\" alt=\"\" width=\"368\" height=\"521\" srcset=\"\/wp-content\/uploads\/2018\/09\/Traitement-des-cas-particuliers-par-les-\u00c9tablissements-de-l\u2019Enseignement-Sup\u00e9rieur2-212x300.jpg 212w, \/wp-content\/uploads\/2018\/09\/Traitement-des-cas-particuliers-par-les-\u00c9tablissements-de-l\u2019Enseignement-Sup\u00e9rieur2-768x1085.jpg 768w, \/wp-content\/uploads\/2018\/09\/Traitement-des-cas-particuliers-par-les-\u00c9tablissements-de-l\u2019Enseignement-Sup\u00e9rieur2-725x1024.jpg 725w, \/wp-content\/uploads\/2018\/09\/Traitement-des-cas-particuliers-par-les-\u00c9tablissements-de-l\u2019Enseignement-Sup\u00e9rieur2.jpg 1448w\" sizes=\"(max-width: 368px) 100vw, 368px\" \/><\/p>\n<p dir=\"ltr\"><img loading=\"lazy\" class=\" wp-image-1173 aligncenter\" src=\"\/wp-content\/uploads\/2018\/09\/1-212x300.jpg\" alt=\"\" width=\"307\" height=\"434\" srcset=\"\/wp-content\/uploads\/2018\/09\/1-212x300.jpg 212w, \/wp-content\/uploads\/2018\/09\/1-768x1085.jpg 768w, \/wp-content\/uploads\/2018\/09\/1-725x1024.jpg 725w, \/wp-content\/uploads\/2018\/09\/1.jpg 1448w\" sizes=\"(max-width: 307px) 100vw, 307px\" \/><\/p>\n<p dir=\"ltr\"><img loading=\"lazy\" class=\" wp-image-1174 aligncenter\" src=\"\/wp-content\/uploads\/2018\/09\/2-212x300.jpg\" alt=\"\" width=\"292\" height=\"413\" srcset=\"\/wp-content\/uploads\/2018\/09\/2-212x300.jpg 212w, \/wp-content\/uploads\/2018\/09\/2-768x1085.jpg 768w, \/wp-content\/uploads\/2018\/09\/2-725x1024.jpg 725w, \/wp-content\/uploads\/2018\/09\/2.jpg 1448w\" sizes=\"(max-width: 292px) 100vw, 292px\" \/><\/p>\n<\/div>\n","protected":false},"excerpt":{"rendered":"<p>Traitement des cas particuliers par les \u00c9tablissements de l\u2019Enseignement Sup\u00e9rieur:\u00a0https:\/\/progres.mesrs.dz\/webetu Du 07 au 09 septembre 2018 :Ouverture de la plateforme d\u00e9di\u00e9e aux cas particuliers. Du 10 au 13 septembre 2018 :Traitement des demandes. Du 14 au 16 septembre 2018 :R\u00e9sultats et inscriptions d\u00e9finitives des cas particuliers \u00a0<\/p>\n","protected":false},"author":4,"featured_media":0,"comment_status":"closed","ping_status":"open","sticky":false,"template":"","format":"standard","meta":[],"categories":[6,23],"tags":[],"_links":{"self":[{"href":"https:\/\/www.univ-alger3.dz\/index.php?rest_route=\/wp\/v2\/posts\/1170"}],"collection":[{"href":"https:\/\/www.univ-alger3.dz\/index.php?rest_route=\/wp\/v2\/posts"}],"about":[{"href":"https:\/\/www.univ-alger3.dz\/index.php?rest_route=\/wp\/v2\/types\/post"}],"author":[{"embeddable":true,"href":"https:\/\/www.univ-alger3.dz\/index.php?rest_route=\/wp\/v2\/users\/4"}],"replies":[{"embeddable":true,"href":"https:\/\/www.univ-alger3.dz\/index.php?rest_route=%2Fwp%2Fv2%2Fcomments&post=1170"}],"version-history":[{"count":4,"href":"https:\/\/www.univ-alger3.dz\/index.php?rest_route=\/wp\/v2\/posts\/1170\/revisions"}],"predecessor-version":[{"id":1182,"href":"https:\/\/www.univ-alger3.dz\/index.php?rest_route=\/wp\/v2\/posts\/1170\/revisions\/1182"}],"wp:attachment":[{"href":"https:\/\/www.univ-alger3.dz\/index.php?rest_route=%2Fwp%2Fv2%2Fmedia&parent=1170"}],"wp:term":[{"taxonomy":"category","embeddable":true,"href":"https:\/\/www.univ-alger3.dz\/index.php?rest_route=%2Fwp%2Fv2%2Fcategories&post=1170"},{"taxonomy":"post_tag","embeddable":true,"href":"https:\/\/www.univ-alger3.dz\/index.php?rest_route=%2Fwp%2Fv2%2Ftags&post=1170"}],"curies":[{"name":"wp","href":"https:\/\/api.w.org\/{rel}","templated":true}]}}