{"id":4489,"date":"2020-10-14T16:16:27","date_gmt":"2020-10-14T15:16:27","guid":{"rendered":"\/?p=4489"},"modified":"2020-10-14T16:16:27","modified_gmt":"2020-10-14T15:16:27","slug":"%d8%af%d8%b9%d9%88%d8%a9-%d9%84%d9%84%d8%aa%d8%b1%d8%b4%d8%ad-%d9%84%d8%a8%d8%b1%d9%86%d8%a7%d9%85%d8%ac-%d8%a7%d9%84%d8%aa%d8%b9%d9%80%d9%80%d9%80%d8%a7%d9%88%d9%86-%d8%a7%d9%84%d8%ac%d9%80%d9%80","status":"publish","type":"post","link":"\/?p=4489","title":{"rendered":"\u062f\u0639\u0648\u0629 \u0644\u0644\u062a\u0631\u0634\u062d \u0644\u0628\u0631\u0646\u0627\u0645\u062c \u0627\u0644\u062a\u0639\u0640\u0640\u0640\u0627\u0648\u0646 \u0627\u0644\u062c\u0640\u0640\u0640\u0632\u0627\u0626\u0631\u064a \u0627\u0644\u0628\u0644\u062c\u064a\u0643\u064a"},"content":{"rendered":"<p>\u0623\u0639\u0644\u0646\u062a \u0633\u0641\u0627\u0631\u0629 \u0645\u0645\u0644\u0643\u0629 \u0628\u0644\u062c\u064a\u0643\u0627 \u0628\u0627\u0644\u062c\u0632\u0627\u0626\u0631 \u0639\u0646 \u062f\u0639\u0648\u0629 \u0644\u062a\u0642\u062f\u064a\u0645 \u0627\u0644\u0637\u0644\u0628\u0627\u062a \u0644\u0628\u0631\u0646\u0627\u0645\u062c \u0627\u0644\u062d\u0631\u0643\u064a\u0629 \u0627\u0644\u0623\u0643\u0627\u062f\u064a\u0645\u064a \u0627\u0644\u0645\u063a\u0627\u0631\u0628\u064a.<\/p>\n<p>\u0644\u0644\u0645\u0632\u064a\u062f \u0645\u0646 \u0627\u0644\u062a\u0641\u0627\u0635\u064a\u0644 \u064a\u0631\u062c\u0649 \u0632\u064a\u0627\u0631\u0629 \u0627\u0644\u0645\u0648\u0642\u0639:\u00a0<a href=\"http:\/\/www.wallonia.ma\/fr\/actualites\/appel-candidatures-fonds-de-mobilite-maghreb-ma\">http:\/\/www.wallonia.ma\/fr\/actualites\/appel-candidatures-fonds-de-mobilite-maghreb-ma<\/a><\/p>\n<p>\u0622\u062e\u0631 \u0623\u062c\u0644 \u0644\u062a\u0642\u062f\u064a\u0645 \u0627\u0644\u0637\u0644\u0628\u0627\u062a \u0647\u0648 30 \u0623\u0643\u062a\u0648\u0628\u0631 2020<\/p>\n<p>\u062a\u062d\u0645\u064a\u0644\u0627\u062a:<\/p>\n<p><a href=\"\/wp-content\/uploads\/2020\/10\/Coop\u00e9ration-Bilat\u00e9rale-alg\u00e9ro-wallonne.pdf\">Coop\u00e9ration Bilat\u00e9rale alg\u00e9ro-wallonne<\/a><\/p>\n<p><a href=\"\/wp-content\/uploads\/2020\/10\/2020-10-31bis_formulaire_pour_les_fonds_de_mobilite.doc\">2020-10-31bis_formulaire_pour_les_fonds_de_mobilite<\/a><\/p>\n<pre class=\"tw-data-text tw-text-large XcVN5d tw-ta\" dir=\"rtl\" data-placeholder=\"Traduction\"><\/pre>\n<pre id=\"tw-target-text\" class=\"tw-data-text tw-text-large XcVN5d tw-ta\" dir=\"ltr\" data-placeholder=\"Traduction\">\r\n<\/pre>\n","protected":false},"excerpt":{"rendered":"<p>\u0623\u0639\u0644\u0646\u062a \u0633\u0641\u0627\u0631\u0629 \u0645\u0645\u0644\u0643\u0629 \u0628\u0644\u062c\u064a\u0643\u0627 \u0628\u0627\u0644\u062c\u0632\u0627\u0626\u0631 \u0639\u0646 \u062f\u0639\u0648\u0629 \u0644\u062a\u0642\u062f\u064a\u0645 \u0627\u0644\u0637\u0644\u0628\u0627\u062a \u0644\u0628\u0631\u0646\u0627\u0645\u062c \u0627\u0644\u062d\u0631\u0643\u064a\u0629 \u0627\u0644\u0623\u0643\u0627\u062f\u064a\u0645\u064a \u0627\u0644\u0645\u063a\u0627\u0631\u0628\u064a. \u0644\u0644\u0645\u0632\u064a\u062f \u0645\u0646 \u0627\u0644\u062a\u0641\u0627\u0635\u064a\u0644 \u064a\u0631\u062c\u0649 \u0632\u064a\u0627\u0631\u0629 \u0627\u0644\u0645\u0648\u0642\u0639:\u00a0http:\/\/www.wallonia.ma\/fr\/actualites\/appel-candidatures-fonds-de-mobilite-maghreb-ma \u0622\u062e\u0631 \u0623\u062c\u0644 \u0644\u062a\u0642\u062f\u064a\u0645 \u0627\u0644\u0637\u0644\u0628\u0627\u062a \u0647\u0648 30 \u0623\u0643\u062a\u0648\u0628\u0631 2020 \u062a\u062d\u0645\u064a\u0644\u0627\u062a: Coop\u00e9ration Bilat\u00e9rale alg\u00e9ro-wallonne 2020-10-31bis_formulaire_pour_les_fonds_de_mobilite<\/p>\n","protected":false},"author":4,"featured_media":4492,"comment_status":"closed","ping_status":"open","sticky":false,"template":"","format":"standard","meta":[],"categories":[50,48,18],"tags":[],"_links":{"self":[{"href":"https:\/\/www.univ-alger3.dz\/index.php?rest_route=\/wp\/v2\/posts\/4489"}],"collection":[{"href":"https:\/\/www.univ-alger3.dz\/index.php?rest_route=\/wp\/v2\/posts"}],"about":[{"href":"https:\/\/www.univ-alger3.dz\/index.php?rest_route=\/wp\/v2\/types\/post"}],"author":[{"embeddable":true,"href":"https:\/\/www.univ-alger3.dz\/index.php?rest_route=\/wp\/v2\/users\/4"}],"replies":[{"embeddable":true,"href":"https:\/\/www.univ-alger3.dz\/index.php?rest_route=%2Fwp%2Fv2%2Fcomments&post=4489"}],"version-history":[{"count":3,"href":"https:\/\/www.univ-alger3.dz\/index.php?rest_route=\/wp\/v2\/posts\/4489\/revisions"}],"predecessor-version":[{"id":4495,"href":"https:\/\/www.univ-alger3.dz\/index.php?rest_route=\/wp\/v2\/posts\/4489\/revisions\/4495"}],"wp:featuredmedia":[{"embeddable":true,"href":"https:\/\/www.univ-alger3.dz\/index.php?rest_route=\/wp\/v2\/media\/4492"}],"wp:attachment":[{"href":"https:\/\/www.univ-alger3.dz\/index.php?rest_route=%2Fwp%2Fv2%2Fmedia&parent=4489"}],"wp:term":[{"taxonomy":"category","embeddable":true,"href":"https:\/\/www.univ-alger3.dz\/index.php?rest_route=%2Fwp%2Fv2%2Fcategories&post=4489"},{"taxonomy":"post_tag","embeddable":true,"href":"https:\/\/www.univ-alger3.dz\/index.php?rest_route=%2Fwp%2Fv2%2Ftags&post=4489"}],"curies":[{"name":"wp","href":"https:\/\/api.w.org\/{rel}","templated":true}]}}