{"id":483,"date":"2017-12-10T12:00:59","date_gmt":"2017-12-10T11:00:59","guid":{"rendered":"\/?p=483"},"modified":"2017-12-14T10:06:55","modified_gmt":"2017-12-14T09:06:55","slug":"journee-de-sensibilisation-et-de-depistage-du-virus-du-sida-de-lhepatite-b-et-c","status":"publish","type":"post","link":"\/?p=483","title":{"rendered":"Journ\u00e9e de sensibilisation et de d\u00e9pistage du virus du SIDA de l&#8217;h\u00e9patite B et C"},"content":{"rendered":"<p dir=\"ltr\" style=\"text-align: left;\">Une journ\u00e9e de sensibilisation et de d\u00e9pistage du virus du SIDA, de l&#8217;h\u00e9patite B et C est organis\u00e9e au niveau de l&#8217;Universit\u00e9 d&#8217;Alger 3 site D\u00e9ly Brahim, le 10 d\u00e9cembre 2017 par le Centre M\u00e9dical et la Facult\u00e9 des Sciences \u00c9conomiques, en collaboration avec \u00ab l&#8217;Association AIDS Alg\u00e9rie\u00a0\u00bb, \u00ab <span dir=\"RTL\" lang=\"AR-SA\">\u062c\u0645\u0639\u064a\u0629 \u0627\u0644\u062a\u0642\u0648\u0649 \u0648\u0627\u0644\u0625\u062d\u0633\u0627\u0646<\/span> \u00bb<span dir=\"RTL\" lang=\"AR-SA\">,<\/span> \u00ab <span dir=\"RTL\" lang=\"AR-SA\">\u0644\u0644\u0623\u0639\u0645\u0627\u0644 \u0627\u0644\u062e\u064a\u0631\u064a\u0629<\/span> ITFC\u00a0<span dir=\"RTL\" lang=\"AR-SA\">\u062c\u0645\u0639\u064a\u0629<\/span> \u00bb, \u00ab l&#8217;Association Joie des C\u0153urs\u00bb, \u00abCentre de d\u00e9pistage du Secteur Sanitaire de Bousmail\u00bb.<\/p>\n<p dir=\"ltr\" style=\"text-align: left;\">Le rendez-vous est pris pour le mercredi 13 d\u00e9cembre 2017 \u00e0 la Facult\u00e9 des Sciences de l\u2019Information et de la Communication (ex ITFC).<\/p>\n<p dir=\"ltr\" style=\"text-align: left;\">N.B les r\u00e9sultats sont \u00e0 r\u00e9cup\u00e9rer 10 jours apr\u00e8s le pr\u00e9l\u00e8vement au niveau du Centre M\u00e9dical de D\u00e9ly brahim.<\/p>\n<p dir=\"ltr\">T\u00e9l\u00e9charger attachements\u00a0<a href=\"\/wp-content\/uploads\/2017\/12\/attachments-2.zip\">attachments (1)<\/a> <a href=\"\/wp-content\/uploads\/2017\/12\/attachments-3.zip\">attachments (2)<\/a><\/p>\n","protected":false},"excerpt":{"rendered":"<p>Une journ\u00e9e de sensibilisation et de d\u00e9pistage du virus du SIDA, de l&#8217;h\u00e9patite B et C est organis\u00e9e au niveau de l&#8217;Universit\u00e9 d&#8217;Alger 3 site D\u00e9ly Brahim, le 10 d\u00e9cembre 2017 par le Centre M\u00e9dical et la Facult\u00e9 des Sciences \u00c9conomiques, en collaboration avec \u00ab l&#8217;Association AIDS Alg\u00e9rie\u00a0\u00bb, \u00ab \u062c\u0645\u0639\u064a\u0629 \u0627\u0644\u062a\u0642\u0648\u0649 \u0648\u0627\u0644\u0625\u062d\u0633\u0627\u0646 \u00bb, \u00ab \u0644\u0644\u0623\u0639\u0645\u0627\u0644 &hellip;<\/p>\n","protected":false},"author":4,"featured_media":484,"comment_status":"closed","ping_status":"open","sticky":false,"template":"","format":"standard","meta":[],"categories":[19],"tags":[],"_links":{"self":[{"href":"https:\/\/www.univ-alger3.dz\/index.php?rest_route=\/wp\/v2\/posts\/483"}],"collection":[{"href":"https:\/\/www.univ-alger3.dz\/index.php?rest_route=\/wp\/v2\/posts"}],"about":[{"href":"https:\/\/www.univ-alger3.dz\/index.php?rest_route=\/wp\/v2\/types\/post"}],"author":[{"embeddable":true,"href":"https:\/\/www.univ-alger3.dz\/index.php?rest_route=\/wp\/v2\/users\/4"}],"replies":[{"embeddable":true,"href":"https:\/\/www.univ-alger3.dz\/index.php?rest_route=%2Fwp%2Fv2%2Fcomments&post=483"}],"version-history":[{"count":5,"href":"https:\/\/www.univ-alger3.dz\/index.php?rest_route=\/wp\/v2\/posts\/483\/revisions"}],"predecessor-version":[{"id":534,"href":"https:\/\/www.univ-alger3.dz\/index.php?rest_route=\/wp\/v2\/posts\/483\/revisions\/534"}],"wp:featuredmedia":[{"embeddable":true,"href":"https:\/\/www.univ-alger3.dz\/index.php?rest_route=\/wp\/v2\/media\/484"}],"wp:attachment":[{"href":"https:\/\/www.univ-alger3.dz\/index.php?rest_route=%2Fwp%2Fv2%2Fmedia&parent=483"}],"wp:term":[{"taxonomy":"category","embeddable":true,"href":"https:\/\/www.univ-alger3.dz\/index.php?rest_route=%2Fwp%2Fv2%2Fcategories&post=483"},{"taxonomy":"post_tag","embeddable":true,"href":"https:\/\/www.univ-alger3.dz\/index.php?rest_route=%2Fwp%2Fv2%2Ftags&post=483"}],"curies":[{"name":"wp","href":"https:\/\/api.w.org\/{rel}","templated":true}]}}