{"id":599,"date":"2018-01-14T09:58:51","date_gmt":"2018-01-14T08:58:51","guid":{"rendered":"\/?p=599"},"modified":"2018-01-14T09:58:51","modified_gmt":"2018-01-14T08:58:51","slug":"offre-de-formations-programme-quadrimestre-des-formations-a-grenoble-france-2018","status":"publish","type":"post","link":"\/?p=599","title":{"rendered":"Offre de formations : programme quadrimestre des formations \u00e0 Grenoble, France 2018"},"content":{"rendered":"<p dir=\"ltr\">Dans le cadre du d\u00e9veloppement des comp\u00e9tences et de perfectionnement aux m\u00e9tiers de l\u2019expert, le R\u00e9seau des consultants Experts Professionnels (RCEP) vous propose des formations r\u00e9pondant aux probl\u00e9matiques de sp\u00e9cialisation, de reconversion et de positionnement professionnels devenus incontournables dans le contexte des mutations \u00e9conomiques et d\u2019innovations technologiques\u00a0:<br \/>\n<strong><u>Janvier<\/u><\/strong> :<br \/>\n&#8211;\u00a0 22 et 23\u00a0:\u00a0<strong>formation de formateurs<\/strong> ;<br \/>\n&#8211;\u00a0 25, 26, 27,28 : <strong>formation en informatique, les NTIC au service de l\u2019expert consultant<\/strong>.<br \/>\n<strong><u>F\u00e9vrier<\/u><\/strong> :<br \/>\n&#8211;\u00a0 du 5 au 16 : <strong>formation d\u2019expert en audit comptable et financier<\/strong> ;<br \/>\n&#8211;\u00a0 26, 27, 28\u00a0: <strong>formation\u00a0 d\u2019expert par la reconnaissance et la valorisation de l\u2019exp\u00e9rience<\/strong> <strong>professionnelle\u00a0;<\/strong><br \/>\n<strong><u>Mars <\/u><\/strong>:<br \/>\n&#8211;\u00a0 du 5 au 16 : <strong>formation d\u2019expert international<\/strong> ;<br \/>\n<strong><u>Avril :<\/u><\/strong><br \/>\n&#8211;\u00a0 du 9 au 20 : <strong>formation d\u2019expert en communication et relations publiques<\/strong>.<br \/>\n<strong>Pour plus de d\u00e9tails<\/strong>\u00a0: consultez les fiches de formations sur le site (<a href=\"https:\/\/reseau-consultants-experts.us16.list-manage.com\/track\/click?u=6f9f00c7d6042055609ff06b9&amp;id=ac8f6ac8a9&amp;e=77b7fbbf4c\" target=\"_blank\" rel=\"noopener\" data-saferedirecturl=\"https:\/\/www.google.com\/url?hl=en&amp;q=https:\/\/reseau-consultants-experts.us16.list-manage.com\/track\/click?u%3D6f9f00c7d6042055609ff06b9%26id%3Dac8f6ac8a9%26e%3D77b7fbbf4c&amp;source=gmail&amp;ust=1516004526225000&amp;usg=AFQjCNH5sm8YrdFhXbVLP8Lxc_535mfF_Q\">http:\/\/www.reseau-<wbr \/>consultants-experts.com\/<\/a>) et\u00a0\u00a0\u00a0 Faites votre choix\u00a0!<\/p>\n<p dir=\"ltr\">Veuillez utiliser le formulaire pour confirmer votre inscription. Si cette derni\u00e8re devant s\u2019effectuer depuis l\u2019\u00e9tranger, vous recevrez alors une convocation officielle que vous pourrez produire en appui \u00e0 une demande de visa aupr\u00e8s de l\u2019autorit\u00e9 consulaire.<\/p>\n","protected":false},"excerpt":{"rendered":"<p>Dans le cadre du d\u00e9veloppement des comp\u00e9tences et de perfectionnement aux m\u00e9tiers de l\u2019expert, le R\u00e9seau des consultants Experts Professionnels (RCEP) vous propose des formations r\u00e9pondant aux probl\u00e9matiques de sp\u00e9cialisation, de reconversion et de positionnement professionnels devenus incontournables dans le contexte des mutations \u00e9conomiques et d\u2019innovations technologiques\u00a0: Janvier : &#8211;\u00a0 22 et 23\u00a0:\u00a0formation de formateurs &hellip;<\/p>\n","protected":false},"author":4,"featured_media":0,"comment_status":"closed","ping_status":"open","sticky":false,"template":"","format":"standard","meta":[],"categories":[18],"tags":[],"_links":{"self":[{"href":"https:\/\/www.univ-alger3.dz\/index.php?rest_route=\/wp\/v2\/posts\/599"}],"collection":[{"href":"https:\/\/www.univ-alger3.dz\/index.php?rest_route=\/wp\/v2\/posts"}],"about":[{"href":"https:\/\/www.univ-alger3.dz\/index.php?rest_route=\/wp\/v2\/types\/post"}],"author":[{"embeddable":true,"href":"https:\/\/www.univ-alger3.dz\/index.php?rest_route=\/wp\/v2\/users\/4"}],"replies":[{"embeddable":true,"href":"https:\/\/www.univ-alger3.dz\/index.php?rest_route=%2Fwp%2Fv2%2Fcomments&post=599"}],"version-history":[{"count":1,"href":"https:\/\/www.univ-alger3.dz\/index.php?rest_route=\/wp\/v2\/posts\/599\/revisions"}],"predecessor-version":[{"id":600,"href":"https:\/\/www.univ-alger3.dz\/index.php?rest_route=\/wp\/v2\/posts\/599\/revisions\/600"}],"wp:attachment":[{"href":"https:\/\/www.univ-alger3.dz\/index.php?rest_route=%2Fwp%2Fv2%2Fmedia&parent=599"}],"wp:term":[{"taxonomy":"category","embeddable":true,"href":"https:\/\/www.univ-alger3.dz\/index.php?rest_route=%2Fwp%2Fv2%2Fcategories&post=599"},{"taxonomy":"post_tag","embeddable":true,"href":"https:\/\/www.univ-alger3.dz\/index.php?rest_route=%2Fwp%2Fv2%2Ftags&post=599"}],"curies":[{"name":"wp","href":"https:\/\/api.w.org\/{rel}","templated":true}]}}