{"id":747,"date":"2018-03-07T15:41:28","date_gmt":"2018-03-07T14:41:28","guid":{"rendered":"\/?p=747"},"modified":"2018-03-07T15:41:28","modified_gmt":"2018-03-07T14:41:28","slug":"%d8%a7%d9%84%d8%aa%d8%b9%d9%84%d9%8a%d9%85%d8%a9-%d8%b1%d9%82%d9%85-02-%d8%a7%d9%84%d9%85%d8%a4%d8%b1%d8%ae%d8%a9-%d9%81%d9%8a-20-%d9%81%d9%8a%d9%81%d8%b1%d9%8a-2018-%d8%a7%d9%84%d9%85%d8%aa%d8%b9","status":"publish","type":"post","link":"\/?p=747","title":{"rendered":"\u0627\u0644\u062a\u0639\u0644\u064a\u0645\u0629 \u0631\u0642\u0645 02 \u0627\u0644\u0645\u0624\u0631\u062e\u0629 \u0641\u064a 20 \u0641\u064a\u0641\u0631\u064a 2018 \u0627\u0644\u0645\u062a\u0639\u0644\u0642\u0629 \u0628\u0625\u062c\u0631\u0627\u0621\u0627\u062a \u0642\u0628\u0648\u0644 \u0648\u062a\u0633\u064a\u064a\u0631 \u0645\u0634\u0627\u0631\u064a\u0639 \u0627\u0644\u0628\u062d\u062b \u0627\u0644\u062a\u0643\u0648\u064a\u0646\u064a"},"content":{"rendered":"<p><a href=\"\/wp-content\/uploads\/2018\/03\/N180_Du_05_03_2018633.pdf\">\u0645\u0631\u0627\u0633\u0644\u0629 \u0648\u0632\u0627\u0631\u064a\u0629<\/a><\/p>\n<p><a href=\"\/wp-content\/uploads\/2018\/03\/instruction_n_02.pdf\">\u0627\u0644\u062a\u0639\u0644\u064a\u0645\u0629 \u0631\u0642\u0645 02 \u0627\u0644\u0645\u0624\u0631\u062e\u0629 \u0641\u064a 20 \u0641\u064a\u0641\u0631\u064a 2018 \u0627\u0644\u0645\u062a\u0639\u0644\u0642\u0629 \u0628\u0625\u062c\u0631\u0627\u0621\u0627\u062a \u0642\u0628\u0648\u0644 \u0648\u062a\u0633\u064a\u064a\u0631 \u0645\u0634\u0627\u0631\u064a\u0639 \u0627\u0644\u0628\u062d\u062b \u0627\u0644\u062a\u0643\u0648\u064a\u0646\u064a<\/a><\/p>\n<p><a href=\"\/wp-content\/uploads\/2018\/03\/circulaire_N_02.pdf\">Circulaire N\u00b0 02 du 20 fevrier 2018 relative \u00e0 la proc\u00e9dure de recevabilit\u00e9 et de gestion des projets de recherche Formation Universitaire(PRFU<\/a><\/p>\n","protected":false},"excerpt":{"rendered":"<p>\u0645\u0631\u0627\u0633\u0644\u0629 \u0648\u0632\u0627\u0631\u064a\u0629 \u0627\u0644\u062a\u0639\u0644\u064a\u0645\u0629 \u0631\u0642\u0645 02 \u0627\u0644\u0645\u0624\u0631\u062e\u0629 \u0641\u064a 20 \u0641\u064a\u0641\u0631\u064a 2018 \u0627\u0644\u0645\u062a\u0639\u0644\u0642\u0629 \u0628\u0625\u062c\u0631\u0627\u0621\u0627\u062a \u0642\u0628\u0648\u0644 \u0648\u062a\u0633\u064a\u064a\u0631 \u0645\u0634\u0627\u0631\u064a\u0639 \u0627\u0644\u0628\u062d\u062b \u0627\u0644\u062a\u0643\u0648\u064a\u0646\u064a Circulaire N\u00b0 02 du 20 fevrier 2018 relative \u00e0 la proc\u00e9dure de recevabilit\u00e9 et de gestion des projets de recherche Formation Universitaire(PRFU<\/p>\n","protected":false},"author":1,"featured_media":0,"comment_status":"closed","ping_status":"open","sticky":false,"template":"","format":"standard","meta":[],"categories":[30],"tags":[],"_links":{"self":[{"href":"https:\/\/www.univ-alger3.dz\/index.php?rest_route=\/wp\/v2\/posts\/747"}],"collection":[{"href":"https:\/\/www.univ-alger3.dz\/index.php?rest_route=\/wp\/v2\/posts"}],"about":[{"href":"https:\/\/www.univ-alger3.dz\/index.php?rest_route=\/wp\/v2\/types\/post"}],"author":[{"embeddable":true,"href":"https:\/\/www.univ-alger3.dz\/index.php?rest_route=\/wp\/v2\/users\/1"}],"replies":[{"embeddable":true,"href":"https:\/\/www.univ-alger3.dz\/index.php?rest_route=%2Fwp%2Fv2%2Fcomments&post=747"}],"version-history":[{"count":2,"href":"https:\/\/www.univ-alger3.dz\/index.php?rest_route=\/wp\/v2\/posts\/747\/revisions"}],"predecessor-version":[{"id":754,"href":"https:\/\/www.univ-alger3.dz\/index.php?rest_route=\/wp\/v2\/posts\/747\/revisions\/754"}],"wp:attachment":[{"href":"https:\/\/www.univ-alger3.dz\/index.php?rest_route=%2Fwp%2Fv2%2Fmedia&parent=747"}],"wp:term":[{"taxonomy":"category","embeddable":true,"href":"https:\/\/www.univ-alger3.dz\/index.php?rest_route=%2Fwp%2Fv2%2Fcategories&post=747"},{"taxonomy":"post_tag","embeddable":true,"href":"https:\/\/www.univ-alger3.dz\/index.php?rest_route=%2Fwp%2Fv2%2Ftags&post=747"}],"curies":[{"name":"wp","href":"https:\/\/api.w.org\/{rel}","templated":true}]}}