{"id":902,"date":"2018-04-24T17:34:02","date_gmt":"2018-04-24T16:34:02","guid":{"rendered":"\/?p=902"},"modified":"2018-04-24T17:34:37","modified_gmt":"2018-04-24T16:34:37","slug":"salon-national-des-produits-de-la-recherche-2-3-4-juillet-2018","status":"publish","type":"post","link":"\/?p=902","title":{"rendered":"Salon National des Produits de la Recherche, 2-3-4 Juillet 2018"},"content":{"rendered":"<p dir=\"ltr\" style=\"text-align: left;\">Fort de l\u2019exp\u00e9rience capitalis\u00e9e en 2017 et des retomb\u00e9es positives du salon des produits issus de la recherche, organis\u00e9 \u00e0 la Safex en mai 2017, nous avons le plaisir de vous annoncer la reconduction de cet \u00e9v\u00e9nement pour les 2-3-4 juillet 2018, soit \u00e0 la veille de la c\u00e9l\u00e9bration du 56\u00e8me anniversaire de l\u2019ind\u00e9pendance.<\/p>\n<p dir=\"ltr\" style=\"text-align: left;\">Cette seconde \u00e9dition consolidera les acquis des chercheurs dans le d\u00e9veloppement technologique et l\u2019innovation, en privil\u00e9giant les activit\u00e9s partenariales avec le monde industriel.<\/p>\n<p dir=\"ltr\" style=\"text-align: left;\">Si le salon 2017 a regroup\u00e9 quelques 200 chercheurs avec 300 produits expos\u00e9s, nous ambitionnons d\u2019atteindre 500 produits et services en 2018 avec la valorisation des 100 meilleurs r\u00e9sultats de productivit\u00e9 de la recherche. De nombreuses d\u00e9marches sont en cours pour impliquer les acteurs du secteur socio-\u00e9conomique d\u2019abord dans la recherche appliqu\u00e9e, ensuite dans la valorisation de produits issus de la recherche.<\/p>\n<p dir=\"ltr\">la participation des chercheurs int\u00e9ress\u00e9s dans la r\u00e9ussite de ce salon sera hautement appr\u00e9ci\u00e9e.<\/p>\n<p dir=\"ltr\"><strong>Pour plus de d\u00e9tails ou la mise \u00e0 jour de l&#8217;information relative au Salon 2018, vous pouvez consulter le site web: www.dgrsdt.dz.<\/strong><\/p>\n<p dir=\"ltr\"><strong>Envoyer la fiche avant 30 Avril 2018 \u00e0 l\u2019adresse \u00e9lectronique :<a href=\"mailto:event.dgrsdt@mesrs.dz\" target=\"_blank\" rel=\"noopener\">event.dgrsdt@mesrs.dz<\/a><\/strong><\/p>\n<p dir=\"ltr\"><a href=\"\/wp-content\/uploads\/2018\/04\/Fiche-produit-Salon-2018.docx\">Fiche produit Salon 2018<\/a><\/p>\n<p dir=\"ltr\"><a href=\"\/wp-content\/uploads\/2018\/04\/Poster_fin2018_A3_Bleu4.pdf\">Poster<\/a><\/p>\n","protected":false},"excerpt":{"rendered":"<p>Fort de l\u2019exp\u00e9rience capitalis\u00e9e en 2017 et des retomb\u00e9es positives du salon des produits issus de la recherche, organis\u00e9 \u00e0 la Safex en mai 2017, nous avons le plaisir de vous annoncer la reconduction de cet \u00e9v\u00e9nement pour les 2-3-4 juillet 2018, soit \u00e0 la veille de la c\u00e9l\u00e9bration du 56\u00e8me anniversaire de l\u2019ind\u00e9pendance. Cette &hellip;<\/p>\n","protected":false},"author":4,"featured_media":0,"comment_status":"closed","ping_status":"open","sticky":false,"template":"","format":"standard","meta":[],"categories":[18],"tags":[],"_links":{"self":[{"href":"https:\/\/www.univ-alger3.dz\/index.php?rest_route=\/wp\/v2\/posts\/902"}],"collection":[{"href":"https:\/\/www.univ-alger3.dz\/index.php?rest_route=\/wp\/v2\/posts"}],"about":[{"href":"https:\/\/www.univ-alger3.dz\/index.php?rest_route=\/wp\/v2\/types\/post"}],"author":[{"embeddable":true,"href":"https:\/\/www.univ-alger3.dz\/index.php?rest_route=\/wp\/v2\/users\/4"}],"replies":[{"embeddable":true,"href":"https:\/\/www.univ-alger3.dz\/index.php?rest_route=%2Fwp%2Fv2%2Fcomments&post=902"}],"version-history":[{"count":3,"href":"https:\/\/www.univ-alger3.dz\/index.php?rest_route=\/wp\/v2\/posts\/902\/revisions"}],"predecessor-version":[{"id":907,"href":"https:\/\/www.univ-alger3.dz\/index.php?rest_route=\/wp\/v2\/posts\/902\/revisions\/907"}],"wp:attachment":[{"href":"https:\/\/www.univ-alger3.dz\/index.php?rest_route=%2Fwp%2Fv2%2Fmedia&parent=902"}],"wp:term":[{"taxonomy":"category","embeddable":true,"href":"https:\/\/www.univ-alger3.dz\/index.php?rest_route=%2Fwp%2Fv2%2Fcategories&post=902"},{"taxonomy":"post_tag","embeddable":true,"href":"https:\/\/www.univ-alger3.dz\/index.php?rest_route=%2Fwp%2Fv2%2Ftags&post=902"}],"curies":[{"name":"wp","href":"https:\/\/api.w.org\/{rel}","templated":true}]}}